{"id":2970,"date":"2022-12-03T15:08:41","date_gmt":"2022-12-03T14:08:41","guid":{"rendered":"https:\/\/aks-essen.de\/wp\/?p=2970"},"modified":"2022-12-03T15:08:43","modified_gmt":"2022-12-03T14:08:43","slug":"neuausrichtung-des-sozialen-lernens-ab-dem-2-halbjahr-des-schuljahres-2022-23","status":"publish","type":"post","link":"https:\/\/aks-essen.de\/wp\/2022\/12\/03\/neuausrichtung-des-sozialen-lernens-ab-dem-2-halbjahr-des-schuljahres-2022-23\/","title":{"rendered":"Neuausrichtung des Sozialen Lernens ab dem 2. Halbjahr des Schuljahres 2022\/23"},"content":{"rendered":"<p>Am Freitag, den 02.12.2022 versammelte sich die gesamte Jahrgangstufe 9 in der Aula und h\u00f6rte gespannt zu, als ihnen die Neuausrichtung des Sozialen Lernens vorgestellt wurde.<br \/>\nAb dem zweiten Halbjahr haben unsere Sch\u00fcler*innen in der Jahrgangstufe 9 aller Voraussicht nach die Auswahl aus sechs verschiedenen Projekten, die sie verpflichtend f\u00fcr 1,5 Jahren an unserer Schule w\u00e4hlen k\u00f6nnen. Zu Beginn stellte Herr Zimmermann das Umwelt-Projekt der Naturschutzjugend des NABU vor und informierte die Sch\u00fcler*innen \u00fcber die einzelnen Schwerpunkte dieses neuen Kurses. Im Anschluss daran berichtete Frau Alxnat gemeinsam mit drei Sch\u00fcler*innen \u00fcber den Schulsanit\u00e4tsdienst an der AKS. Herr Dr. Bottek folgte mit einer Pr\u00e4sentation \u00fcber die Streitschlichtung an unserer Schule. Herr H\u00f6wische stellte im Folgenden das Medienscouts-Projekt vor, welches er ab dem zweiten Halbjahr federf\u00fchrend \u00fcbernehmen wird. Abschlie\u00dfend pr\u00e4sentierte Herr Scherer das Handball-Projekt, welches von der SG Tura Essen betreut werden wird. Wir hoffen, dass wir f\u00fcr den Bereich der beruflichen Bildung die Kreishandwerkerschaft Essen als zus\u00e4tzlichen Partner an unserer Schule begr\u00fc\u00dfen k\u00f6nnen.<br \/>\nUnsere Sch\u00fcler*innen haben nun die M\u00f6glichkeit, sich f\u00fcr ein Projekt zu entscheiden und ihren Wahlzettel bis zum 16. Dezember 2022 \u00fcber die Klassenleitungen Herrn Scherer zukommen zulassen.<br \/>\nDar\u00fcber hinaus wird Herr Scherer im Rahmen eines Elterninformationsabends die Neuausrichtung des Sozialen Lernens am Dienstag, d. 06.12.2022 um 19 Uhr in R. 102 pr\u00e4sentieren.<\/p>\n<p><a href=\"https:\/\/aks-essen.de\/wp\/wp-content\/uploads\/2022\/12\/Bottek-3.jpeg\"><img loading=\"lazy\" decoding=\"async\" src=\"https:\/\/aks-essen.de\/wp\/wp-content\/uploads\/2022\/12\/Bottek-3-150x150.jpeg\" width=\"150\" height=\"150\" alt=\"Bottek-3.jpeg\" style=\"display:inline-block\" \/><\/a> <a href=\"https:\/\/aks-essen.de\/wp\/wp-content\/uploads\/2022\/12\/Hoewische-2.jpeg\"><img loading=\"lazy\" decoding=\"async\" src=\"https:\/\/aks-essen.de\/wp\/wp-content\/uploads\/2022\/12\/Hoewische-2-150x150.jpeg\" width=\"150\" height=\"150\" alt=\"Hoewische-2.jpeg\" style=\"display:inline-block\" \/><\/a> <a href=\"https:\/\/aks-essen.de\/wp\/wp-content\/uploads\/2022\/12\/Schulsanis-1.jpeg\"><img loading=\"lazy\" decoding=\"async\" src=\"https:\/\/aks-essen.de\/wp\/wp-content\/uploads\/2022\/12\/Schulsanis-1-150x150.jpeg\" width=\"150\" height=\"150\" alt=\"Schulsanis-1.jpeg\" style=\"display:inline-block\" \/><\/a> <a href=\"https:\/\/aks-essen.de\/wp\/wp-content\/uploads\/2022\/12\/NABU-0.jpeg\"><img loading=\"lazy\" decoding=\"async\" src=\"https:\/\/aks-essen.de\/wp\/wp-content\/uploads\/2022\/12\/NABU-0-150x150.jpeg\" width=\"150\" height=\"150\" alt=\"NABU-0.jpeg\" style=\"display:inline-block\" \/><\/a> <\/p>","protected":false},"excerpt":{"rendered":"<p>Am Freitag, den 02.12.2022 versammelte sich die gesamte Jahrgangstufe 9 in der Aula und h\u00f6rte gespannt zu, als ihnen die Neuausrichtung des Sozialen Lernens vorgestellt wurde. Ab dem zweiten Halbjahr haben unsere Sch\u00fcler*innen in der Jahrgangstufe 9 aller Voraussicht nach die Auswahl aus sechs verschiedenen Projekten, die sie verpflichtend f\u00fcr 1,5 Jahren an unserer Schule w\u00e4hlen k\u00f6nnen. Zu Beginn stellte &hellip; <\/p>\n","protected":false},"author":3,"featured_media":2972,"comment_status":"closed","ping_status":"closed","sticky":false,"template":"","format":"standard","meta":{"footnotes":""},"categories":[18],"tags":[],"class_list":["post-2970","post","type-post","status-publish","format-standard","has-post-thumbnail","hentry","category-projekte"],"_links":{"self":[{"href":"https:\/\/aks-essen.de\/wp\/wp-json\/wp\/v2\/posts\/2970","targetHints":{"allow":["GET"]}}],"collection":[{"href":"https:\/\/aks-essen.de\/wp\/wp-json\/wp\/v2\/posts"}],"about":[{"href":"https:\/\/aks-essen.de\/wp\/wp-json\/wp\/v2\/types\/post"}],"author":[{"embeddable":true,"href":"https:\/\/aks-essen.de\/wp\/wp-json\/wp\/v2\/users\/3"}],"replies":[{"embeddable":true,"href":"https:\/\/aks-essen.de\/wp\/wp-json\/wp\/v2\/comments?post=2970"}],"version-history":[{"count":2,"href":"https:\/\/aks-essen.de\/wp\/wp-json\/wp\/v2\/posts\/2970\/revisions"}],"predecessor-version":[{"id":2976,"href":"https:\/\/aks-essen.de\/wp\/wp-json\/wp\/v2\/posts\/2970\/revisions\/2976"}],"wp:featuredmedia":[{"embeddable":true,"href":"https:\/\/aks-essen.de\/wp\/wp-json\/wp\/v2\/media\/2972"}],"wp:attachment":[{"href":"https:\/\/aks-essen.de\/wp\/wp-json\/wp\/v2\/media?parent=2970"}],"wp:term":[{"taxonomy":"category","embeddable":true,"href":"https:\/\/aks-essen.de\/wp\/wp-json\/wp\/v2\/categories?post=2970"},{"taxonomy":"post_tag","embeddable":true,"href":"https:\/\/aks-essen.de\/wp\/wp-json\/wp\/v2\/tags?post=2970"}],"curies":[{"name":"wp","href":"https:\/\/api.w.org\/{rel}","templated":true}]}}